{"id":59,"date":"2026-07-12T17:16:00","date_gmt":"2026-07-12T17:16:00","guid":{"rendered":"https:\/\/dirkhagen.eu\/STRATO-apps\/wordpress_01\/app\/?p=59"},"modified":"2026-07-12T17:37:01","modified_gmt":"2026-07-12T17:37:01","slug":"warum-sollte-man-die-cdu-whlen","status":"publish","type":"post","link":"https:\/\/dirkhagen.eu\/STRATO-apps\/wordpress_01\/app\/demokratie\/warum-sollte-man-die-cdu-whlen\/","title":{"rendered":"Warum sollte man die CDU w&auml;hlen?"},"content":{"rendered":"<p>Die CDU\/CSU und die SPD haben ein Programm vorgestellt, welches sich :\u201d Ein Programm<\/p>\n<p>f\u00fcr Aufschwung<br \/>\nund Besch\u00e4ftigung\u201d nennt. Nachlesen kann man das Ganze hier <a title=\"https:\/\/www.tagesschau.de\/koalitionsausschuss-ergebnisse-102.pdf\" href=\"https:\/\/www.tagesschau.de\/koalitionsausschuss-ergebnisse-102.pdf\">https:\/\/www.tagesschau.de\/koalitionsausschuss-ergebnisse-102.pdf<\/a>. Ich habe mir da nur einen Punkt rausgegriffen, den Punkt 18. Da steht doch wirklich und w\u00f6rtlich drin: \u201c<em>Um den privaten Wohnungsbau nicht zu gef\u00e4hrden, wird durch Bundesgesetz<\/em><br \/>\n<em>geregelt, dass die Verstaatlichung privater Mietwohnungsbest\u00e4nde durch<\/em><br \/>\n<em>Vergesellschaftungsgesetze auf Landesebene nicht mehr m\u00f6glich ist.\u201d<\/em> . Das halte ich f\u00fcr groben Unfug. als erstes sollte man mal ins Grundgesetz gucken. Da steht unter Artikel 14 Punkt 3: \u201cEine Enteignung ist nur zum Wohle der Allgemeinheit zul\u00e4ssig.\u201d. Und man kann doch wohl mit Fug und Recht feststellen, da\u00df eine Enteignung mit einer anschlie\u00dfenden Mietengestaltung, die nicht auf Maximalgewinn hinausl\u00e4uft, dem Wohl der Allgemeinheit dient. Es sei denn, man findet es wichtiger, da\u00df gro\u00dfe Konzerne sich an der Vermietung dumm und d\u00e4mlich verdienen. Man versucht also, mit der Bundesgesetzgebung das Grundgesetz auszuhebeln. Das Grundgesetz, da\u00df ansonsten immer als Heiliger Gral angesehen wird. Und um mal ganz offen zu sprechen: Wieviel Jahrzehnte haben Regierungen aller Couleur versucht, die Miesere auf dem Wohnungsmarkt in den Griff zu bekommen. Das Ergebnis kann man bei Besichtigungsterminen betrachten. Wenn sich elendig lange Schlangen bilden, mit Menschen, die \u00fcberhaupt eine Wohnung suchen und die dann nicht mal preisg\u00fcnstig ist. Und dann kommt noch der neue designierte Spitzenkandidat in Berlin Stefan Evers und erkl\u00e4rt zu den Pl\u00e4nen der Bundesregierung, Vergesellschaftungen zu verbieten: <em>\u201cEs ist richtig, klare Grenzen zu ziehen. Die Debatte \u00fcber Vergesellschaftung hat riesigen Schaden angerichtet und die Wohnungsnot versch\u00e4rft.\u201d  (<\/em><a title=\"https:\/\/www.n-tv.de\/politik\/Wegner-Nachfolger-Evers-will-keine-Kostenlos-Politik-fuer-Gutverdiener-mehr-id31077387.html\" href=\"https:\/\/www.n-tv.de\/politik\/Wegner-Nachfolger-Evers-will-keine-Kostenlos-Politik-fuer-Gutverdiener-mehr-id31077387.html\"><em>https:\/\/www.n-tv.de\/politik\/Wegner-Nachfolger-Evers-will-keine-Kostenlos-Politik-fuer-Gutverdiener-mehr-id31077387.html<\/em><\/a><em>).<\/em> Aha, es war also die Debatte und nicht die Tatenlosigkeit. Er investiere lieber in den Bau von Infrastruktur und Wohnungen. H\u00e4tte die CDU ja schon eine Reihe von Jahren in der Berliner Regierung tun k\u00f6nnen. Und an der Stelle noch eine Frage. Was will er investieren. Er k\u00fcndigt ein hartes Sparprogramm an. Geld ist also keins da. Und zum Bauen braucht man Geld!<\/p>\n<p>Aus reiner Neugier habe ich mal in die Bilanz von Vonovia f\u00fcr 2025 reingeguckt. Kann man unter <a title=\"https:\/\/www.vonovia.com\/presse\/bilanz-2025\" href=\"https:\/\/www.vonovia.com\/presse\/bilanz-2025\">https:\/\/www.vonovia.com\/presse\/bilanz-2025<\/a> machen. Da steht doch echt, da\u00df das EBITDA (Ergebnis vor Zinsen, Steuern, Abschreibungen und Abschreibungen auf immaterielle Verm\u00f6genswerte) in 2025 im Vergleich zu 2024 um 6% gestiegen ist. Und das bei einem um 1,9 % verringerten Wohnungsbestand. Der Gewinn je Aktie stieg um 3,1 % (EBT).<\/p>\n<p>Und hier kann man sich Mal die Aktion\u00e4rsstruktur von Vonovia ansehen : https:\/\/www.vonovia.com\/investoren\/die-vonovia-aktie\/aktionaersstruktur<\/p>\n<p>Es kommen nur 10,7 % der Ation\u00e4re aus der Bundesrepublik. Das bedeutet im Umkehrschlu\u00df, da\u00df der soziale Friede in diesem Land fast 90 % der Aktion\u00e4re egal ist, solange die Dividende stimmt.<\/p>\n<p>Und das wollen CDU\/CSU und auch die SPD zementieren?<\/p>\n<p>Ach ja, Herr Evers erkl\u00e4rte auch noch, da\u00df die Linke mit ihrer Enteignungspolitik die soziale Marktwirtschaft zerst\u00f6ren will. Ein Markt, der nicht sozial ist, geh\u00f6rt nicht in diese Zeit. Denn auch hier wieder das Grundgesetz Artikel 20 Punkt 1: <em>Die Bundesrepublik Deutschland ist ein demokratischer und sozialer Bundesstaat. <\/em>Oder findet irgendjemand, der nicht Vermieter gro\u00dfer Wohnungsbest\u00e4nde ist, da\u00df der Wohnungsmarkt sozial sei?<\/p>\n<p>Daher: meine Stimme bekommt Ihr nicht. Und ja, ich erweitere die obige Frage um die SPD.<\/p>\n","protected":false},"excerpt":{"rendered":"<p>Die CDU\/CSU und die SPD haben ein Programm vorgestellt, welches sich :\u201d Ein Programm f\u00fcr Aufschwung und Besch\u00e4ftigung\u201d nennt. Nachlesen kann man das Ganze hier https:\/\/www.tagesschau.de\/koalitionsausschuss-ergebnisse-102.pdf. Ich habe mir da nur einen Punkt rausgegriffen, den Punkt 18. Da steht doch wirklich und w\u00f6rtlich drin: \u201cUm den privaten Wohnungsbau nicht zu gef\u00e4hrden, wird durch Bundesgesetz geregelt, dass die Verstaatlichung privater Mietwohnungsbest\u00e4nde durch Vergesellschaftungsgesetze auf Landesebene nicht mehr m\u00f6glich ist.\u201d . Das halte ich f\u00fcr groben Unfug. als erstes sollte man mal&#8230;<\/p>\n<p class=\"read-more\"><a class=\"btn btn-default\" href=\"https:\/\/dirkhagen.eu\/STRATO-apps\/wordpress_01\/app\/demokratie\/warum-sollte-man-die-cdu-whlen\/\">Weiterlesen<span class=\"screen-reader-text\"> Weiterlesen<\/span><\/a><\/p>\n","protected":false},"author":2,"featured_media":0,"comment_status":"open","ping_status":"open","sticky":false,"template":"","format":"standard","meta":{"footnotes":""},"categories":[5,7,6,8],"tags":[],"class_list":["post-59","post","type-post","status-publish","format-standard","hentry","category-demokratie","category-gesellschaft","category-politik","category-soziale-marktwirtschaft"],"_links":{"self":[{"href":"https:\/\/dirkhagen.eu\/STRATO-apps\/wordpress_01\/app\/wp-json\/wp\/v2\/posts\/59","targetHints":{"allow":["GET"]}}],"collection":[{"href":"https:\/\/dirkhagen.eu\/STRATO-apps\/wordpress_01\/app\/wp-json\/wp\/v2\/posts"}],"about":[{"href":"https:\/\/dirkhagen.eu\/STRATO-apps\/wordpress_01\/app\/wp-json\/wp\/v2\/types\/post"}],"author":[{"embeddable":true,"href":"https:\/\/dirkhagen.eu\/STRATO-apps\/wordpress_01\/app\/wp-json\/wp\/v2\/users\/2"}],"replies":[{"embeddable":true,"href":"https:\/\/dirkhagen.eu\/STRATO-apps\/wordpress_01\/app\/wp-json\/wp\/v2\/comments?post=59"}],"version-history":[{"count":2,"href":"https:\/\/dirkhagen.eu\/STRATO-apps\/wordpress_01\/app\/wp-json\/wp\/v2\/posts\/59\/revisions"}],"predecessor-version":[{"id":61,"href":"https:\/\/dirkhagen.eu\/STRATO-apps\/wordpress_01\/app\/wp-json\/wp\/v2\/posts\/59\/revisions\/61"}],"wp:attachment":[{"href":"https:\/\/dirkhagen.eu\/STRATO-apps\/wordpress_01\/app\/wp-json\/wp\/v2\/media?parent=59"}],"wp:term":[{"taxonomy":"category","embeddable":true,"href":"https:\/\/dirkhagen.eu\/STRATO-apps\/wordpress_01\/app\/wp-json\/wp\/v2\/categories?post=59"},{"taxonomy":"post_tag","embeddable":true,"href":"https:\/\/dirkhagen.eu\/STRATO-apps\/wordpress_01\/app\/wp-json\/wp\/v2\/tags?post=59"}],"curies":[{"name":"wp","href":"https:\/\/api.w.org\/{rel}","templated":true}]}}