{"id":335,"date":"2026-09-01T16:38:02","date_gmt":"2026-09-01T16:38:02","guid":{"rendered":"https:\/\/dirkhagen.eu\/STRATO-apps\/wordpress_01\/app\/?p=335"},"modified":"2026-09-01T17:02:40","modified_gmt":"2026-09-01T17:02:40","slug":"drohnen-kein-ende-und-die-bestrafung","status":"publish","type":"post","link":"https:\/\/dirkhagen.eu\/STRATO-apps\/wordpress_01\/app\/politik\/drohnen-kein-ende-und-die-bestrafung\/","title":{"rendered":"Drohnen, kein Ende und die Bestrafung"},"content":{"rendered":"<p>Es gab am Leipziger Flughafen Drohnenvorf\u00e4lle. Das an sich ist schlimm genug! Schlimmer finde ich jedoch, einer Atommacht mit Konsequenzen zu drohen, ohne offensichtlich handfeste Beweise zu haben. Ich habe an vielen Stellen inzwischen die Bef\u00fcrchtung, der Wunsch sei der Vater des Gedanken. Denn ich h\u00f6re immer \u201cdas deutet auf Russland hin\u201d, \u201cdas sieht nach russischen hybriden Angriffen aus\u201d und als Fakt \u201cRussland f\u00fchrt einen hybriden krieg gegen uns\u201d. Allein \u2013 ich habe bis jetzt nicht einen Beweis gesehen. Ich soll mich also&nbsp; auf die Aussagen von Politikern verlassen, die mir schon beim Krieg in Afghanistan erkl\u00e4rten, Deutschland w\u00fcrde am Hindukusch verteidigt werden.&nbsp; Da dort wieder alles in dem gleichen Zustand ist, wie vor dem westlichen Einmarsch (Taleban an der Macht, M\u00e4dchen d\u00fcrfen nicht lernen oder rausgehen, \u00f6ffentliche Hinrichtungen), mu\u00df ich jetzt mal fragen. Haben wir da jetzt eine offene Flanke und werden wieder bedroht oder hat man mir einfach nur Unsinn erz\u00e4hlt, um eine Rechtfertigung zu haben?<\/p>\n<p>Zum Thema russische Drohnen gibt es eine interessante Studie von <a href=\"https:\/\/www.dronewatch.nl\" target=\"_blank\">https:\/\/www.dronewatch.nl<\/a>. Von 61 Drohnensichtungen\/Detektionen im Zeitraum September bis November konnten lediglich 3 (drei!) eindeutig Russland zugeordnet werden. Und diese schlugen in Nachbarl\u00e4ndern der Ukraine im Rahmen von Kampfhandlungen gegen die Ukraine ein. Hier einen hybriden Angriff zu unterstellen, scheint weit hergeholt. Auch ukrainische Drohnen schlugen schon in Nachbarl\u00e4ndern ein. Und hier hat man interessanterweise immer als erstes auf Russland gezeigt,&nbsp; bis klar nachgewiesen war, da\u00df die Russen es nicht waren. Und ja, ich fange jetzt nicht wieder mit North Stream an.<\/p>\n<p>Ansonsten sieht de Verteilung so aus:<\/p>\n<p><strong>Aufschl\u00fcsselung aller 61 analysierten Berichte<\/strong><br \/>\u2022 Keine Drohne, anderes Objekt: 14 <br \/>\u2022 Keine Beweise \/ Herkunft unbekannt: 41 <br \/>\u2022 Best\u00e4tigte russische Drohne: 3 <br \/>\u2022 Best\u00e4tigtes Hobby oder Touristendrohne: 3<\/p>\n<p>Die englische Version findet Ihr unter: <a title=\"https:\/\/www.dronewatch.eu\/61-european-drone-sightings-analysed-heres-what-we-know\/\" href=\"https:\/\/www.dronewatch.eu\/61-european-drone-sightings-analysed-heres-what-we-know\/\">https:\/\/www.dronewatch.eu\/61-european-drone-sightings-analysed-heres-what-we-know\/<\/a><\/p>\n<p>Ich kann mich des Eindrucks nicht erwehren, wir wollen aufgrund von Behauptungen in den n\u00e4chsten und wahrscheinlich letzten Krieg ziehen. Denn es wird mit ziemlicher Wahrscheinlichkeit ein Atomkrieg. <\/p>\n<p>Es ist unstreitig, da\u00df Russland die Ukraine angegriffen hat. Aber vielleicht spielt jeder f\u00fcr sich in seinem Hinterkopf mal folgendes durch. Was w\u00e4re passiert, wenn der Warschauer Vertrag Cuba aufgenommen h\u00e4tte? Die kleine Insel liegt fast in Sichtweite der USA. Und die Ukraine sollte und wollte der Nato beitreten.<\/p>\n","protected":false},"excerpt":{"rendered":"<p>Es gab am Leipziger Flughafen Drohnenvorf\u00e4lle. Das an sich ist schlimm genug! Schlimmer finde ich jedoch, einer Atommacht mit Konsequenzen zu drohen, ohne offensichtlich handfeste Beweise zu haben. Ich habe an vielen Stellen inzwischen die Bef\u00fcrchtung, der Wunsch sei der Vater des Gedanken. Denn ich h\u00f6re immer \u201cdas deutet auf Russland hin\u201d, \u201cdas sieht nach russischen hybriden Angriffen aus\u201d und als Fakt \u201cRussland f\u00fchrt einen hybriden krieg gegen uns\u201d. Allein \u2013 ich habe bis jetzt nicht einen Beweis gesehen. Ich&#8230;<\/p>\n<p class=\"read-more\"><a class=\"btn btn-default\" href=\"https:\/\/dirkhagen.eu\/STRATO-apps\/wordpress_01\/app\/politik\/drohnen-kein-ende-und-die-bestrafung\/\">Weiterlesen<span class=\"screen-reader-text\"> Weiterlesen<\/span><\/a><\/p>\n","protected":false},"author":2,"featured_media":0,"comment_status":"open","ping_status":"open","sticky":false,"template":"","format":"standard","meta":{"footnotes":""},"categories":[25,22,7,19,23,26,6,18,20,24],"tags":[],"class_list":["post-335","post","type-post","status-publish","format-standard","hentry","category-atomkrieg","category-cuba","category-gesellschaft","category-krieg","category-nato","category-penner-on-tour","category-politik","category-russland","category-sowjetunion","category-warschauer-vertrag"],"_links":{"self":[{"href":"https:\/\/dirkhagen.eu\/STRATO-apps\/wordpress_01\/app\/wp-json\/wp\/v2\/posts\/335","targetHints":{"allow":["GET"]}}],"collection":[{"href":"https:\/\/dirkhagen.eu\/STRATO-apps\/wordpress_01\/app\/wp-json\/wp\/v2\/posts"}],"about":[{"href":"https:\/\/dirkhagen.eu\/STRATO-apps\/wordpress_01\/app\/wp-json\/wp\/v2\/types\/post"}],"author":[{"embeddable":true,"href":"https:\/\/dirkhagen.eu\/STRATO-apps\/wordpress_01\/app\/wp-json\/wp\/v2\/users\/2"}],"replies":[{"embeddable":true,"href":"https:\/\/dirkhagen.eu\/STRATO-apps\/wordpress_01\/app\/wp-json\/wp\/v2\/comments?post=335"}],"version-history":[{"count":2,"href":"https:\/\/dirkhagen.eu\/STRATO-apps\/wordpress_01\/app\/wp-json\/wp\/v2\/posts\/335\/revisions"}],"predecessor-version":[{"id":339,"href":"https:\/\/dirkhagen.eu\/STRATO-apps\/wordpress_01\/app\/wp-json\/wp\/v2\/posts\/335\/revisions\/339"}],"wp:attachment":[{"href":"https:\/\/dirkhagen.eu\/STRATO-apps\/wordpress_01\/app\/wp-json\/wp\/v2\/media?parent=335"}],"wp:term":[{"taxonomy":"category","embeddable":true,"href":"https:\/\/dirkhagen.eu\/STRATO-apps\/wordpress_01\/app\/wp-json\/wp\/v2\/categories?post=335"},{"taxonomy":"post_tag","embeddable":true,"href":"https:\/\/dirkhagen.eu\/STRATO-apps\/wordpress_01\/app\/wp-json\/wp\/v2\/tags?post=335"}],"curies":[{"name":"wp","href":"https:\/\/api.w.org\/{rel}","templated":true}]}}